{"id":247,"global_id":"oils4u.de\/en?id=247","global_id_lineage":["oils4u.de\/en?id=247"],"author":"1","status":"publish","date":"2018-01-13 14:45:09","date_utc":"2018-01-13 14:45:09","modified":"2018-01-13 14:45:09","modified_utc":"2018-01-13 14:45:09","url":"http:\/\/oils4u.de\/en\/event\/16-marz-eine-duftende-reise-in-die-welt-der-atherischen-olen","rest_url":"http:\/\/oils4u.de\/en\/wp-json\/tribe\/events\/v1\/events\/247","title":"16. M\u00e4rz: Eine duftende Reise in die Welt der \u00e4therischen \u00d6len","description":"<p><a href=\"http:\/\/oils4u.de\/wp-content\/uploads\/2018\/01\/Reconnecting-Lu\u0308beck-Ma\u0308rz-18.pdf\">Reconnecting Lu\u0308beck Ma\u0308rz 18<\/a><\/p>","excerpt":"","slug":"16-marz-eine-duftende-reise-in-die-welt-der-atherischen-olen","image":false,"all_day":false,"start_date":"2018-03-16 19:00:00","start_date_details":{"year":"2018","month":"03","day":"16","hour":"19","minutes":"00","seconds":"00"},"end_date":"2018-03-16 21:00:00","end_date_details":{"year":"2018","month":"03","day":"16","hour":"21","minutes":"00","seconds":"00"},"utc_start_date":"2018-03-16 19:00:00","utc_start_date_details":{"year":"2018","month":"03","day":"16","hour":"19","minutes":"00","seconds":"00"},"utc_end_date":"2018-03-16 21:00:00","utc_end_date_details":{"year":"2018","month":"03","day":"16","hour":"21","minutes":"00","seconds":"00"},"timezone":"UTC+0","timezone_abbr":"","cost":"","cost_details":{"currency_symbol":"","currency_position":"prefix","values":[]},"website":"","show_map":true,"show_map_link":true,"hide_from_listings":false,"sticky":false,"featured":false,"categories":[],"tags":[],"venue":[],"organizer":[],"json_ld":{"@context":"http:\/\/schema.org","@type":"Event","name":"16. M\u00e4rz: Eine duftende Reise in die Welt der \u00e4therischen \u00d6len","description":"&lt;p&gt;Reconnecting Lu\u0308beck Ma\u0308rz 18&lt;\/p&gt;\\n","url":"http:\/\/oils4u.de\/en\/event\/16-marz-eine-duftende-reise-in-die-welt-der-atherischen-olen\/","startDate":"2018-03-16T19:00:00+00:00","endDate":"2018-03-16T21:00:00+00:00","performer":"Organization"}}